[{"@context":"https:\/\/schema.org\/","@type":"Article","@id":"https:\/\/www.haris.cz\/hledate-misto-pro-akci\/#Article","mainEntityOfPage":"https:\/\/www.haris.cz\/hledate-misto-pro-akci\/","headline":"Hled\u00e1te m\u00edsto pro akci?","name":"Hled\u00e1te m\u00edsto pro akci?","description":"V\u011bt\u0161ina zam\u011bstnanc\u016f n\u011bkdy za\u017eila n\u011bjakou firemn\u00ed akci. Snad ka\u017ed\u00e1 firma po\u0159\u00e1d\u00e1 firemn\u00ed ve\u010d\u00edrky, a v\u011bt\u0161ina z nich se po\u0159\u00e1d\u00e1 na V\u00e1noce. Oslavy konce roku a","datePublished":"2024-06-22","dateModified":"2024-06-22","author":{"@type":"Person","@id":"https:\/\/www.haris.cz\/author\/#Person","name":"","url":"https:\/\/www.haris.cz\/author\/","identifier":1,"image":{"@type":"ImageObject","@id":"https:\/\/secure.gravatar.com\/avatar\/d3163b56da0fbe010a5181dcf7396b9bd721056c768c8d190d293b864efe53fe?s=96&d=mm&r=g","url":"https:\/\/secure.gravatar.com\/avatar\/d3163b56da0fbe010a5181dcf7396b9bd721056c768c8d190d293b864efe53fe?s=96&d=mm&r=g","height":96,"width":96}},"publisher":{"@type":"Organization","name":"haris.cz","logo":{"@type":"ImageObject","@id":"\/logo.png","url":"\/logo.png","width":600,"height":60}},"image":{"@type":"ImageObject","@id":"https:\/\/www.haris.cz\/wp-content\/uploads\/pexels-cottonbro-studio-3171837_5.jpg","url":"https:\/\/www.haris.cz\/wp-content\/uploads\/pexels-cottonbro-studio-3171837_5.jpg","height":0,"width":0},"url":"https:\/\/www.haris.cz\/hledate-misto-pro-akci\/","about":["Web"],"wordCount":429,"articleBody":"      V\u011bt\u0161ina zam\u011bstnanc\u016f n\u011bkdy za\u017eila n\u011bjakou firemn\u00ed akci. Snad ka\u017ed\u00e1 firma po\u0159\u00e1d\u00e1 firemn\u00ed ve\u010d\u00edrky, a v\u011bt\u0161ina z nich se po\u0159\u00e1d\u00e1 na V\u00e1noce. Oslavy konce roku a celoz\u00e1vodn\u00ed dovolen\u00e1 k p\u0159\u00edle\u017eitosti v\u00e1no\u010dn\u00edch sv\u00e1tk\u016f se v\u011bt\u0161inou slav\u00ed pr\u00e1v\u011b ve\u010d\u00edrkem. Ten je v re\u017eii ka\u017ed\u00e9 firmy, n\u011bkde jej p\u0159ipravuje person\u00e1ln\u00ed, n\u011bkde pov\u011b\u0159en\u00fd zam\u011bstnanec. V\u017edycky jde ale o to, m\u00edt mo\u017enost si d\u00e1t n\u011bco dobr\u00e9ho a str\u00e1vit p\u0159\u00edjemn\u00e9 chv\u00edle s lidmi, se kter\u00fdmi \u010dlov\u011bk v pr\u00e1ci tr\u00e1v\u00ed n\u011bkolik hodin denn\u011b. Tak pro\u010d si neu\u017e\u00edt v\u00e1no\u010dn\u00ed nebo jak\u00fdkoliv ve\u010d\u00edrek n\u011bkde, kde se budete v\u0161ichni c\u00edtit p\u0159\u00edjemn\u011b?Jsou firmy, kde m\u00e1 veden\u00ed rad\u011bji, kdy\u017e n\u011bkdo ze zam\u011bstnanc\u016f ve\u010d\u00edrek kompletn\u011b p\u0159iprav\u00ed. Zajist\u00ed nejen restauraci \u010di bar, ale k tomu i n\u011bjakou z\u00e1bavu a p\u0159\u00edpadn\u011b i nocleh. V\u011bt\u0161ina firem ale rad\u011bji vol\u00ed men\u0161\u00ed ve\u010d\u00edrek n\u011bkde v m\u00edst\u011b s\u00eddla firmy, aby nebyly n\u00e1klady p\u0159\u00edli\u0161 vysok\u00e9 &#8211; p\u0159ece jen firmy m\u00edvaj\u00ed v\u00edce zam\u011bstnanc\u016f a n\u011bjak\u00fd ok\u00e1zal\u00fd ve\u010d\u00edrek by mohl vyj\u00edt velmi draho.V p\u0159\u00edpad\u011b \u017ee jde o v\u00fdznamn\u00e9 v\u00fdro\u010d\u00ed firmy, \u010dasto na oslav\u00e1ch ne\u0161et\u0159\u00ed. Mo\u017en\u00e1 budete sv\u011bdky toho, \u017ee firmy zaplat\u00ed nejen skv\u011bl\u00e9 j\u00eddlo, ale i n\u011bjak\u00fd ten alkohol a dokonce i nocleh. Nen\u00ed ale v\u00fdjimkou, \u017ee si pr\u00e1v\u011b ubytov\u00e1n\u00ed plat\u00ed pr\u00e1v\u011b zam\u011bstnanci, aby n\u00e1klady alespo\u0148 trochu sn\u00ed\u017eili. Po\u0159\u00e1dat oslavu je v\u017edycky dra\u017e\u0161\u00ed z\u00e1le\u017eitost, a tak zam\u011bstnanci \u010dasto souhlas\u00ed s t\u00edm, \u017ee ponesou alespo\u0148 \u010d\u00e1st n\u00e1klad\u016f.Pokud chcete vyu\u017e\u00edt hezk\u00e9ho po\u010das\u00ed a u\u017e\u00edt si s kolegy p\u0159\u00edjemn\u00e9 chv\u00edle t\u0159eba na ji\u017en\u00ed Morav\u011b, m\u00e1te mo\u017enost si objednat firemn\u00ed akce na Vranovsk\u00e9 p\u0159ehrad\u011b Benatky214. Nab\u00edz\u00edme v\u00e1m nejen kr\u00e1sn\u00e9 ubytov\u00e1n\u00ed, ale i zaji\u0161t\u011bn\u00ed rautu \u010di cateringu na p\u0159\u00e1n\u00ed. Samoz\u0159ejmost\u00ed je skv\u011bl\u00e9 m\u00edstn\u00ed v\u00edno. U\u017eijte si oslavu v\u00fdro\u010d\u00ed zalo\u017een\u00ed firmy nebo si jen tak s p\u00e1r kolegy vyje\u010fte na spole\u010dnou dovolenou nebo prodlou\u017een\u00fd v\u00edkend. Odpo\u010dinete si a utu\u017e\u00edte vztahy s ostatn\u00edmi, kter\u00e9 jste t\u0159eba dote\u010f nemuseli.                                                                                                                                                                                                                                                                                                                                                                                                  "},{"@context":"https:\/\/schema.org\/","@type":"BreadcrumbList","itemListElement":[{"@type":"ListItem","position":1,"name":"Hled\u00e1te m\u00edsto pro akci?","item":"https:\/\/www.haris.cz\/hledate-misto-pro-akci\/#breadcrumbitem"}]}]